{"id":10988,"date":"2022-09-11T15:56:59","date_gmt":"2022-09-11T14:56:59","guid":{"rendered":"https:\/\/parolesetmusique-lyon.org\/?p=10988"},"modified":"2022-09-11T15:57:29","modified_gmt":"2022-09-11T14:57:29","slug":"leo-fernique","status":"publish","type":"post","link":"https:\/\/parolesetmusique-lyon.org\/?p=10988","title":{"rendered":"L\u00e9o FERNIQUE"},"content":{"rendered":"<div class=\"flex_column av_one_half  flex_column_div av-zero-column-padding first  avia-builder-el-0  el_before_av_one_half  avia-builder-el-first  \" style='border-radius:0px; '><div  class='avia-image-container  av-styling-    avia-builder-el-1  avia-builder-el-no-sibling  avia-align-center '  itemprop=\"image\" itemscope=\"itemscope\" itemtype=\"https:\/\/schema.org\/ImageObject\"  ><div class='avia-image-container-inner'><div class='avia-image-overlay-wrap'><img class='avia_image' src='https:\/\/parolesetmusique-lyon.org\/wp-content\/uploads\/2021\/11\/2021.11.06-Adrien-Irankhah-2-225x300.jpg' alt='' title=''   itemprop=\"thumbnailUrl\"  \/><\/div><\/div><\/div><\/div>\n<div class=\"flex_column av_one_half  flex_column_div av-zero-column-padding   avia-builder-el-2  el_after_av_one_half  el_before_av_one_full  \" style='border-radius:0px; '><p><div  style='padding-bottom:10px; ' class='av-special-heading av-special-heading-h3    avia-builder-el-3  el_before_av_textblock  avia-builder-el-first  '><h3 class='av-special-heading-tag '  itemprop=\"headline\"  >L\u00e9o FERNIQUE<\/h3><div class='special-heading-border'><div class='special-heading-inner-border' ><\/div><\/div><\/div><br \/>\n<section class=\"av_textblock_section \"  itemscope=\"itemscope\" itemtype=\"https:\/\/schema.org\/BlogPosting\" itemprop=\"blogPost\" ><div class='avia_textblock  '   itemprop=\"text\" ><p>Form\u00e9 au violon puis au piano, L\u00e9o Fernique int\u00e8gre le d\u00e9partement sup\u00e9rieur pour jeunes chanteurs du Conservatoire \u00e0 Rayonnement R\u00e9gional de Paris o\u00f9 il acquiert une solide technique vocale ainsi qu&rsquo;une grande exigence musicale. En tant que membre du Jeune Ch\u0153ur de Paris, il travaille sous les directions de grands chefs tels que Laurence Equilbey, Geoffroy Jourdain, Ivan Fischer ou Philippe Herreweghe. Il obtient en 2015 les prix de Perfectionnement en Chant Lyrique et Direction de ch\u0153ur.<\/p>\n<p>Il int\u00e8gre la m\u00eame ann\u00e9e la classe de chant d&rsquo;Isabelle Germain et Fabrice Boulanger au CNSMD de Lyon ainsi que l&rsquo;ensemble vocal Spirito dirig\u00e9 par Nicole Corti.<\/p>\n<p>On a pu l&rsquo;entendre r\u00e9cemment en soliste dans <em>Le Messie<\/em> de Haendel, le <em>Magnificat<\/em> de Vivaldi, ou le <em>Magnificat<\/em> de C.P.E Bach. Son r\u00e9pertoire de pr\u00e9dilection compte aussi des m\u00e9lodies de Debussy, Faur\u00e9 et Ravel, des lieder de Strauss, Brahms et Schubert ainsi que des pages plus rares de Berio, Xenakis et Aubert.<\/p>\n<p>Il r\u00e9alise en 2017 \u00e0 Lyon ses premi\u00e8res prises de r\u00f4le en <em>Oberon<\/em> dans<em> A Midsummer Night&rsquo;s Dream<\/em> de B. Britten et <em>Oreste <\/em>dans <em>La Belle H\u00e9l\u00e8ne<\/em> de J. Offenbach. Il remporte en ao\u00fbt de la m\u00eame ann\u00e9e le Prix sp\u00e9cial du jury au Concours international de chant lyrique de Marmande.<\/p>\n<p>Il obtient avec mention son master de chant lyrique au CNSMD en juin 2019 et collabore depuis avec plusieurs ensembles prestigieux dont Le Concert Spirituel, Les M\u00e9taboles, ZENE, Exosph\u00e8re.<\/p>\n<p>En mars 2022 L\u00e9o Fernique fera ses d\u00e9buts au sein de la troupe de l\u2019Op\u00e9ra National de Paris en incarnant Arnalta dans la nouvelle production du Couronnement de Popp\u00e9e de Monteverdi sous la direction de Vincent Dumestre.<\/p>\n<\/div><\/section><\/p><\/div><div class=\"flex_column av_one_full  flex_column_div av-zero-column-padding first  avia-builder-el-5  el_after_av_one_half  avia-builder-el-last  column-top-margin\" style='border-radius:0px; '><div  class='avia-button-wrap avia-button-center  avia-builder-el-6  avia-builder-el-no-sibling ' ><a href='https:\/\/parolesetmusique-lyon.org\/?page_id=9677'  class='avia-button   avia-icon_select-yes-left-icon avia-color-theme-color avia-size-small avia-position-center '   ><span class='avia_button_icon avia_button_icon_left ' aria-hidden='true' data-av_icon='\ue830' data-av_iconfont='entypo-fontello'><\/span><span class='avia_iconbox_title' >Retour musiciens 2021-2022<\/span><\/a><\/div><\/div><\/p>\n","protected":false},"excerpt":{"rendered":"","protected":false},"author":6,"featured_media":0,"comment_status":"closed","ping_status":"closed","sticky":false,"template":"","format":"standard","meta":{"_coblocks_attr":"","_coblocks_dimensions":"","_coblocks_responsive_height":"","_coblocks_accordion_ie_support":"","_exactmetrics_skip_tracking":false,"_exactmetrics_sitenote_active":false,"_exactmetrics_sitenote_note":"","_exactmetrics_sitenote_category":0,"footnotes":""},"categories":[1],"tags":[],"class_list":["post-10988","post","type-post","status-publish","format-standard","hentry","category-test"],"_links":{"self":[{"href":"https:\/\/parolesetmusique-lyon.org\/index.php?rest_route=\/wp\/v2\/posts\/10988","targetHints":{"allow":["GET"]}}],"collection":[{"href":"https:\/\/parolesetmusique-lyon.org\/index.php?rest_route=\/wp\/v2\/posts"}],"about":[{"href":"https:\/\/parolesetmusique-lyon.org\/index.php?rest_route=\/wp\/v2\/types\/post"}],"author":[{"embeddable":true,"href":"https:\/\/parolesetmusique-lyon.org\/index.php?rest_route=\/wp\/v2\/users\/6"}],"replies":[{"embeddable":true,"href":"https:\/\/parolesetmusique-lyon.org\/index.php?rest_route=%2Fwp%2Fv2%2Fcomments&post=10988"}],"version-history":[{"count":2,"href":"https:\/\/parolesetmusique-lyon.org\/index.php?rest_route=\/wp\/v2\/posts\/10988\/revisions"}],"predecessor-version":[{"id":10990,"href":"https:\/\/parolesetmusique-lyon.org\/index.php?rest_route=\/wp\/v2\/posts\/10988\/revisions\/10990"}],"wp:attachment":[{"href":"https:\/\/parolesetmusique-lyon.org\/index.php?rest_route=%2Fwp%2Fv2%2Fmedia&parent=10988"}],"wp:term":[{"taxonomy":"category","embeddable":true,"href":"https:\/\/parolesetmusique-lyon.org\/index.php?rest_route=%2Fwp%2Fv2%2Fcategories&post=10988"},{"taxonomy":"post_tag","embeddable":true,"href":"https:\/\/parolesetmusique-lyon.org\/index.php?rest_route=%2Fwp%2Fv2%2Ftags&post=10988"}],"curies":[{"name":"wp","href":"https:\/\/api.w.org\/{rel}","templated":true}]}}