{"id":13555,"date":"2024-05-23T16:42:14","date_gmt":"2024-05-23T15:42:14","guid":{"rendered":"https:\/\/parolesetmusique-lyon.org\/?p=13555"},"modified":"2024-06-05T16:11:45","modified_gmt":"2024-06-05T15:11:45","slug":"23-mai-2024-recital-de-piano-avec-antonin-vinour","status":"publish","type":"post","link":"https:\/\/parolesetmusique-lyon.org\/?p=13555","title":{"rendered":"* 23 mai 2024 &#8211; r\u00e9cital de piano avec Antonin Vinour (par Henri et Emmanuelle Vigne)"},"content":{"rendered":"\n<p style=\"text-align: center;\"><strong>Concert d\u2019Antonin VINOUR, pianiste<\/strong><\/p>\n<p style=\"text-align: center;\"><strong>Le jeudi 23 mai 2024, au Goethe Institut de Lyon<\/strong><\/p>\n<p><a href=\"https:\/\/parolesetmusique-lyon.org\/wp-content\/uploads\/2024\/06\/IMG_0532-scaled.jpg\"><img loading=\"lazy\" decoding=\"async\" class=\" wp-image-13560 aligncenter\" src=\"https:\/\/parolesetmusique-lyon.org\/wp-content\/uploads\/2024\/06\/IMG_0532-225x300.jpg\" alt=\"\" width=\"150\" height=\"200\" srcset=\"https:\/\/parolesetmusique-lyon.org\/wp-content\/uploads\/2024\/06\/IMG_0532-225x300.jpg 225w, https:\/\/parolesetmusique-lyon.org\/wp-content\/uploads\/2024\/06\/IMG_0532-773x1030.jpg 773w, https:\/\/parolesetmusique-lyon.org\/wp-content\/uploads\/2024\/06\/IMG_0532-768x1024.jpg 768w, https:\/\/parolesetmusique-lyon.org\/wp-content\/uploads\/2024\/06\/IMG_0532-1152x1536.jpg 1152w, https:\/\/parolesetmusique-lyon.org\/wp-content\/uploads\/2024\/06\/IMG_0532-1536x2048.jpg 1536w, https:\/\/parolesetmusique-lyon.org\/wp-content\/uploads\/2024\/06\/IMG_0532-1125x1500.jpg 1125w, https:\/\/parolesetmusique-lyon.org\/wp-content\/uploads\/2024\/06\/IMG_0532-529x705.jpg 529w, https:\/\/parolesetmusique-lyon.org\/wp-content\/uploads\/2024\/06\/IMG_0532-scaled.jpg 1920w\" sizes=\"auto, (max-width: 150px) 100vw, 150px\" \/><\/a><\/p>\n<p>Ce concert permet \u00e0 Florence Martin, actuelle pr\u00e9sidente de Paroles et Musique Lyon, de pr\u00e9senter l\u2019Association.<\/p>\n<p>\u00ab\u00a0<em>Comme vous le savez, ce concert termine la saison 2023-24 de Paroles et Musique Lyon, avec la participation du pianiste Antonin VINOUR. Nous sommes r\u00e9unis ce soir au Goethe Institut, qui est un peu \u00ab\u00a0notre maison\u00a0\u00bb, car nous nous retrouvons r\u00e9guli\u00e8rement dans ce loft depuis\u00a010 ans.<\/em><\/p>\n<p><em>Paroles et Musique est n\u00e9 en janvier 1995, soit pr\u00e8s de 30 ans, sous l\u2019impulsion de Valery Rogacev qui m\u2019a demand\u00e9 de faire jouer des \u00e9tudiants du conservatoire sup\u00e9rieur, afin de r\u00f4der leurs programmes musicaux avant leurs examens.<\/em><\/p>\n<p><em>Pendant plusieurs\u00a0ann\u00e9es enthousiasmantes (mais h\u00e9las sans internet\u00a0!) l\u2019association a fait intervenir de tr\u00e8s nombreux musiciens, dans des lieux souvent insolites, alliant ainsi d\u00e9couvertes musicales et d\u00e9couvertes architecturales, puis l\u2019aventure s\u2019est mise en sommeil.<\/em><\/p>\n<p><em>\u00a0<\/em><em>Il a fallu l\u2019envie de Fran\u00e7oise Gn\u00e9ri, \u00e9galement professeure au CNSMD, pour que l\u2019activit\u00e9 reprenne. C\u2019\u00e9tait il y a 10 ans, en janvier 2014.<\/em><\/p>\n<p><em>Lors de la derni\u00e8re assembl\u00e9e g\u00e9n\u00e9rale, en septembre dernier, nous avions annonc\u00e9 que nous envisagions d\u2019arr\u00eater Paroles et Musique apr\u00e8s le concert anniversaire des 10 ans, qui a eu lieu le 17 janvier dernier. En tant que Pr\u00e9sidente, je souhaitais mettre fin \u00e0 mon mandat, et \u00e0 cette \u00e9poque, nous n\u2019avions pas de perspectives de reprise.<\/em><\/p>\n<p><em>Aujourd\u2019hui je profite de ce dernier concert de la saison pour vous annoncer, non sans une certaine joie, qu\u2019en septembre prochain le projet rena\u00eetra une troisi\u00e8me fois\u00a0!<\/em><\/p>\n<p><em>Nous en sommes extr\u00eamement heureux, notamment pour les jeunes instrumentistes en d\u00e9but de carri\u00e8re, qui trouvent chez Paroles et Musique un tremplin professionnel.<\/em><\/p>\n<p><em>\u00a0<\/em><em>J\u2019esp\u00e8re que nous aurons le plaisir de f\u00eater ensemble l\u2019\u00e9lection de la future \u00e9quipe lors de l\u2019assembl\u00e9e g\u00e9n\u00e9rale qui aura lieu le <strong>29 septembre prochain<\/strong>.<\/em><\/p>\n<p><em>Notez bien cette date, et venez nombreux, votre vote ou votre pouvoir seront d\u2019une grande importance pour valider la reprise de Paroles et Musique\u00a0\u00bb.<\/em><\/p>\n<p>\u00a0<\/p>\n<p>Puis Florence pr\u00e9sente Genevi\u00e8ve Normand, candidate \u00e0 sa succession en septembre 2024. \u00ab\u00a0<em>Adh\u00e9rente depuis plusieurs ann\u00e9es, Genevi\u00e8ve s\u2019implique r\u00e9guli\u00e8rement dans l\u2019aide apport\u00e9e par Paroles et Musique aux jeunes musiciens. Pianiste brillante, elle apporte \u00e9galement chaque \u00e9t\u00e9 son concours artistique au festival de piano de Vars (Hautes-Alpes)\u00a0\u00bb. <\/em><\/p>\n<p>A son tour Genevi\u00e8ve Normand\u00a0prend bri\u00e8vement la parole\u00a0: <em>\u00ab\u00a0Je suis tr\u00e8s\u00a0heureuse de reprendre le flambeau de Paroles et Musique Lyon, et poursuivre la formidable action de Florence, dans le respect des artistes et de la musique\u00a0\u00bb.<\/em><\/p>\n<p><em>\u00a0<\/em><\/p>\n<p>La transition avec le pianiste de ce soir, Antonin Vinour, est naturelle.<\/p>\n<p>En effet, Antonin Vinour a pu se produire au Festival de Musique de Vars en ao\u00fbt 2023, \u00e0 l\u2019invitation de Genevi\u00e8ve Normand. Il avait d\u00e9j\u00e0 exprim\u00e9 son int\u00e9r\u00eat pour les activit\u00e9s de PML d\u00e8s 2022.<\/p>\n<p>En avant-concert, Antonin Vinour a accept\u00e9 de r\u00e9pondre \u00e0 quelques questions de Paroles et Musique Lyon. En effet, nous nous sommes int\u00e9ress\u00e9s \u00e0 la biographie succincte pr\u00e9sent\u00e9e dans le programme du concert, et nous avons obtenu quelques \u00e9claircissements sur quelques mots-cl\u00e9s qui ne nous \u00e9taient pas familiers\u00a0: ainsi\u00a0:<\/p>\n<p><em>Antonin Vinour a particip\u00e9 au Festival des <strong>Garrotxes\u2026<\/strong><\/em><\/p>\n<p>D\u2019apr\u00e8s Antonin Vinour, un ensemble de petits villages pr\u00e8s de Perpignan\u2026<\/p>\n<p>Et compl\u00e9t\u00e9 par Wikip\u00e9dia<strong>\u00a0: <\/strong><\/p>\n<p>Les\u00a0<strong>Garrotxes<\/strong>\u00a0<a href=\"https:\/\/fr.wikipedia.org\/wiki\/Aide:Alphabet_phon%C3%A9tique_international\">[\u0261a\u0281\u0254t\u0283]<\/a>\u00a0sont une petite r\u00e9gion naturelle situ\u00e9e dans la partie orientale des\u00a0<a href=\"https:\/\/fr.wikipedia.org\/wiki\/Pyr%C3%A9n%C3%A9es\">Pyr\u00e9n\u00e9es<\/a>, dans le\u00a0<a href=\"https:\/\/fr.wikipedia.org\/wiki\/D%C3%A9partement_fran%C3%A7ais\">d\u00e9partement fran\u00e7ais<\/a>\u00a0des\u00a0<a href=\"https:\/\/fr.wikipedia.org\/wiki\/Pyr%C3%A9n%C3%A9es-Orientales\">Pyr\u00e9n\u00e9es-Orientales<\/a>. Faisant partie du\u00a0<a href=\"https:\/\/fr.wikipedia.org\/wiki\/Conflent\">Conflent<\/a>, les Garrotxes sont constitu\u00e9es des cinq\u00a0<a href=\"https:\/\/fr.wikipedia.org\/wiki\/Commune_(France)\">communes<\/a>\u00a0de\u00a0<a href=\"https:\/\/fr.wikipedia.org\/wiki\/Caudi%C3%A8s-de-Conflent\">Caudi\u00e8s-de-Conflent<\/a>,\u00a0<a href=\"https:\/\/fr.wikipedia.org\/wiki\/Sansa\">Sansa<\/a>,\u00a0<a href=\"https:\/\/fr.wikipedia.org\/wiki\/Railleu\">Railleu<\/a>,\u00a0<a href=\"https:\/\/fr.wikipedia.org\/wiki\/Ayguat%C3%A9bia-Talau\">Ayguat\u00e9bia-Talau<\/a>,\u00a0<a href=\"https:\/\/fr.wikipedia.org\/wiki\/Oreilla\">Oreilla<\/a>, ainsi que d&rsquo;une part de la commune d&rsquo;<a href=\"https:\/\/fr.wikipedia.org\/wiki\/Olette\">Olette<\/a>.<\/p>\n<p>En\u00a0<a href=\"https:\/\/fr.wikipedia.org\/wiki\/Catalan\">catalan<\/a>, une\u00a0<em>garrotxa<\/em>\u00a0(pluriel\u00a0:\u00a0<em>garrotxes<\/em>) est une terre dure, rugueuse, ingrate<a href=\"https:\/\/fr.wikipedia.org\/wiki\/Garrotxes#cite_note-1\"><sup>1<\/sup><\/a>. Ce toponyme est partag\u00e9 avec la\u00a0<a href=\"https:\/\/fr.wikipedia.org\/wiki\/Garrotxa\">Garrotxa<\/a>,\u00a0<a href=\"https:\/\/fr.wikipedia.org\/wiki\/Comarque\">comarque<\/a>\u00a0espagnole toute proche, et dans une moindre mesure par les\u00a0<a href=\"https:\/\/fr.wikipedia.org\/wiki\/Aspres\">Aspres<\/a>\u00a0(<em>aspres<\/em>\u00a0signifiant rugueux).<\/p>\n<p>On apprend en surfant sur internet, que le 16 Ao\u00fbt 2023 en l\u2019Eglise d\u2019Oreilla le <strong>Trio VINOUR<\/strong> : Antonin Vinour, piano, Sim\u00e9on, trompette &amp; Timoth\u00e9e, tuba a donn\u00e9 un r\u00e9cital Verdi, Glinka, Gershwin.<\/p>\n<p>Durant le m\u00eame festival, le saxophoniste J\u00e9r\u00f4me Laran pr\u00e9sente \u00e0 sa fa\u00e7on cette r\u00e9gion un peu atypique\u00a0: (<a href=\"https:\/\/jeromelaran.com\/garrotxes\/\">https:\/\/jeromelaran.com\/garrotxes\/<\/a>)<\/p>\n<p>Quelques petits villages, qui comptent moins de 30 habitants, accueillent des concerts et on peut sentir, \u00e0 chaque instant, la tr\u00e8s grande g\u00e9n\u00e9rosit\u00e9 des gens qui vivent dans ces terres recul\u00e9es.<\/p>\n<p>Donc premier contact sympathique avec la famille Vinour.<\/p>\n<p>Continuons<em>\u2026 <strong>Festival des familles<\/strong><\/em>\u2026 int\u00e9ressant<\/p>\n<p>Nous apprenons sur le site <a href=\"https:\/\/toussurscene.wixsite.com\/concoursmusicfamille\">https:\/\/toussurscene.wixsite.com\/concoursmusicfamille<\/a><\/p>\n<p>Que la famille Vinour-Motta a obtenu un 3\u00e8me prix au festival des familles 2023, avec le <strong>Quatuor\u00a0Vinour-Motta<\/strong>: piano, euphonium, saxophone et trompette\u00a0!<\/p>\n<p>Donc 4 enfants musiciens dans cette famille et nous en saurons plus en lisant<\/p>\n<p><a href=\"https:\/\/www.info-groupe.com\/medias\/vinour-20120909-16154.pdf\">https:\/\/www.info-groupe.com\/medias\/vinour-20120909-16154.pdf<\/a><\/p>\n<p>Qui commence ainsi\u00a0:<\/p>\n<p>\u00ab Jamais 3 sans 4 \u00bb : c\u2019est l\u2019histoire de 4 fr\u00e8res qui, de retour des \u00eeles o\u00f9 ils ont v\u00e9cu 4 ans (\u00e0 Raiat\u00e9a, en Polyn\u00e9sie), d\u00e9cident en septembre 2007 de hisser les voiles pour une nouvelle aventure : cap vers l\u2019archipel musical. Leur port d\u2019attache : le petit village de Tord\u00e8res, dans les Aspres. Parmi nos moussaillons-musiciens, trois ont pour horizon la pratique professionnelle de la musique.\u00a0\u00bb<\/p>\n<p>Avant le d\u00e9but du concert Antonin Vinour nous pr\u00e9cise que deux de ses fr\u00e8res sont actuellement \u00e9tudiants au CNSMD de Paris, et lui-m\u00eame l\u2019a \u00e9t\u00e9 au CNSMD de Lyon.<\/p>\n<p><strong>Entre l\u2019environnement familial vraiment tr\u00e8s propice et cette r\u00e9gion des garrotxes vraiment inspirantes, le rideau de sc\u00e8ne peut se lever sur le concertiste et son merveilleux piano de concert Bl\u00fcthner.<\/strong><\/p>\n<p>\/ 1 La\u00a0Sonate pour piano\u00a0no\u00a038 en fa majeur\u00a0<a href=\"https:\/\/fr.wikipedia.org\/wiki\/Num%C3%A9rotation_de_la_musique_classique\">Hob.<\/a>\u00a0<a href=\"https:\/\/fr.wikipedia.org\/wiki\/Joseph_Haydn#Catalogue_des_%C5%93uvres\">XVI.23<\/a>, une des sonates pour piano de Haydn les plus jou\u00e9es. Antonin Vinour fixe d\u00e8s le d\u00e9part le rythme tr\u00e8s alerte imagin\u00e9 par Haydn, dans la lign\u00e9e des go\u00fbts personnels du musicien autrichien pour les musiques \u00e9tincelantes, comme les fameuses sonates de Scarlatti.<\/p>\n<p>Le second mouvement, plus recueilli et intime, introduit par une appogiature complexe, suscite une atmosph\u00e8re r\u00eaveuse dans la salle, o\u00f9 l\u2019on est s\u00e9duit par cette musique interrogative et lente.<\/p>\n<p>Quant au troisi\u00e8me mouvement, il reprend le dynamisme du premier.<\/p>\n<p>Tr\u00e8s belle interpr\u00e9tation d\u2019Antonin Vinour.<\/p>\n<p>\/ 2 Les trois Klavierst\u00fccke de Schubert, termin\u00e9s en 1928 chez son fr\u00e8re Ferdinand peu avant sa mort, sont relativement peu jou\u00e9s. Ils commencent par un rythme soutenu, et passent par des aspects sombres ou lumineux, selon l\u2019habitude de Schubert.<\/p>\n<p>La d\u00e9licatesse et les \u00e9motions de Schubert bien comprises et expos\u00e9es par Antonin Vinour.<\/p>\n<p>Le second est un rondo.<\/p>\n<p>Le troisi\u00e8me est tr\u00e8s contrast\u00e9 et bien rendu par Antonin Vinour.<\/p>\n<p>\/ 3 Brahms\u00a0: transcription pour piano \u00e0 la main gauche de la chaconne pour Violon de J. S.BACH.<\/p>\n<p>Une \u0153uvre surprenante par sa complexit\u00e9\u00a0: une seule main gauche et l\u2019impression que trois mains jouent. Des variations d\u2019une richesse fantastique o\u00f9 un chant profond se m\u00eame \u00e0 des arp\u00e8ges imitant \u00e0 merveille ceux si l\u00e9gers du violon\u00a0? Un exercice de m\u00e9moire compliqu\u00e9 d\u2019apr\u00e8s Antonin\u00a0! Car beaucoup de passages se ressemblent. Vingt minutes d\u2019intense concentration dans les chemins escarp\u00e9s d\u2019une musique pas sp\u00e9cialement compos\u00e9e pour le piano, bien comprise et tr\u00e8s appr\u00e9ci\u00e9e de Brahms, et de nous tous, \u00a0auditeurs d\u2019un soir.<\/p>\n<p>4\/ En surprise, une ancienne condisciple d\u2019Antonin au CNSMD de Lyon, Yuki Ito, toute souriante, le rejoint et nous voici \u00e0 quatre mains dans des danses hongroises de Brahms, pleines de charme et d\u2019un rythme soutenu.. De vraies danses. Le public est conquis, et se r\u00e9jouit d\u2019une derni\u00e8re \u0153uvre de Piazzola, v\u00e9ritable feu d\u2019artifice pour marquer et f\u00eater la fin d\u2019une saison et la transition vers de nouveaux horizons\u2026.<\/p>\n<p>Ce concert se termine par un moment convivial qui rassemble la majorit\u00e9 des auditeurs autour des deux pianistes, de Florence Martin et de Genevi\u00e8ve Normand.<\/p>\n<p>P.S. Nous ne pouvons r\u00e9sister au plaisir de citer, comme nous l\u2018avons fait avant le concert lui-m\u00eame, une lettre de Brahms \u00e0 sa ch\u00e8re amie Clara Schumann<\/p>\n<p>(citation disponible sur\u00a0: <a href=\"https:\/\/www.radiofrance.fr\/francemusique\/podcasts\/propos-sur-bach\/propos-sur-bach-de-johannes-brahms-1877-1779981\">https:\/\/www.radiofrance.fr\/francemusique\/podcasts\/propos-sur-bach\/propos-sur-bach-de-johannes-brahms-1877-1779981<\/a> <strong>pos sur Bach de Johannes Brahms (1877)<\/strong><\/p>\n<p>Propos sur Bach de Johannes Brahms (1877)<\/p>\n<p>Emission du 18 f\u00e9vrier 2018.<\/p>\n<p><em>Tout au long de sa vie, Johannes Brahms (1833-1997) reste profond\u00e9ment attach\u00e9 \u00e0 l\u2019art de Bach qui nourrit son \u0153uvre instrumentale et vocale. Il participe \u00e0 la premi\u00e8re \u00e9dition monumentale de ses \u0153uvres et transcrit \u00e9galement la \u00ab\u00a0Chaconne pour violon seul\u00a0\u00bb au piano (main gauche) en 1877.<\/em><\/p>\n<p>\u00a0\u00ab Ch\u00e8re Clara,<\/p>\n<p>Je croirais volontiers aujourd\u2019hui ne t\u2019avoir rien envoy\u00e9 d\u2019aussi amusant depuis longtemps \u2013 si tes doigts tiennent le coup ! La\u00a0Chaconne\u00a0est pour moi l\u2019un des plus merveilleux et inimaginables morceaux de musique qui existent. Sur un syst\u00e8me et pour un petit instrument, Bach cr\u00e9e un monde plein de pens\u00e9es profondes et de puissantes sensations. Si je m\u2019imaginais avoir pu \u00e9crire cette \u0153uvre ou simplement la commencer, je suis certain que l\u2019\u00e9norme excitation et le choc m\u2019auraient rendu fou.<\/p>\n<p>Quand on n&rsquo;a pas un grand violoniste \u00e0 c\u00f4t\u00e9 de soi, le plus beau est de la lire et de la faire sonner en esprit. Mais cette \u0153uvre ne te laisse pas en paix et te pousse \u00e0 en faire quelque chose. On ne d\u00e9sire pas toujours entendre la musique sonner simplement en l\u2019air et, comme Joseph Joachim n\u2019est pas l\u00e0 souvent, on essaie ceci ou cela. Mais quoi que je prenne, orchestre ou piano, mon plaisir en est g\u00e2ch\u00e9.<\/p>\n<p>Je trouve qu\u2019il n\u2019y a qu\u2019une seule fa\u00e7on de s\u2019approcher du pur plaisir que donne cette \u0153uvre, m\u00eame si c\u2019est de fa\u00e7on tr\u00e8s diminu\u00e9e : c\u2019est quand je la joue avec la main gauche seule ! Une difficult\u00e9 comparable, une science de la technique, les arp\u00e8ges, tout contribue \u00e0 me faire alors sentir comme un violoniste !<\/p>\n<p>Essaie de la jouer : je ne l\u2019ai couch\u00e9e sur le papier que pour toi. Ne fatigue pas cependant ta main de fa\u00e7on excessive ! Comme cette pi\u00e8ce exige autant sur le plan du ton que de la puissance, joue-la d\u2019abord\u00a0mezza voce. Trouve-toi des doigt\u00e9s pratiques et agr\u00e9ables. Si cela ne te fatigue pas trop, ce que je crois, tu devrais en tirer du plaisir. \u00bb<\/p>\n<p>SOURCE\u00a0: \u00ab\u00a0Lettre de Johannes Brahms \u00e0 Clara Schumann\u00a0\u00bb, P\u00f6rtschach juin 1877, dans\u00a0Brahms par ses lettres, traduit de l\u2019allemand, pr\u00e9sent\u00e9 et comment\u00e9 par\u00a0Christoph Looten, Actes Sud, 2017, p.210-211.<br \/><br \/><\/p>\n<p style=\"text-align: right;\">Henri et Emmanuelle Vigne, administrateurs<\/p>\n<p>\u00a0<\/p>\n","protected":false},"excerpt":{"rendered":"<p>Concert d\u2019Antonin VINOUR, pianiste Le jeudi 23 mai 2024, au Goethe Institut de Lyon Ce concert permet \u00e0 Florence Martin, actuelle pr\u00e9sidente de Paroles et Musique Lyon, de pr\u00e9senter l\u2019Association. \u00ab\u00a0Comme vous le savez, ce concert termine la saison 2023-24 de Paroles et Musique Lyon, avec la participation du pianiste Antonin VINOUR. Nous sommes r\u00e9unis [&hellip;]<\/p>\n","protected":false},"author":3,"featured_media":0,"comment_status":"closed","ping_status":"closed","sticky":false,"template":"","format":"standard","meta":{"_coblocks_attr":"","_coblocks_dimensions":"","_coblocks_responsive_height":"","_coblocks_accordion_ie_support":"","_exactmetrics_skip_tracking":false,"_exactmetrics_sitenote_active":false,"_exactmetrics_sitenote_note":"","_exactmetrics_sitenote_category":0,"footnotes":""},"categories":[5],"tags":[],"class_list":["post-13555","post","type-post","status-publish","format-standard","hentry","category-les-derniers-evenements"],"_links":{"self":[{"href":"https:\/\/parolesetmusique-lyon.org\/index.php?rest_route=\/wp\/v2\/posts\/13555","targetHints":{"allow":["GET"]}}],"collection":[{"href":"https:\/\/parolesetmusique-lyon.org\/index.php?rest_route=\/wp\/v2\/posts"}],"about":[{"href":"https:\/\/parolesetmusique-lyon.org\/index.php?rest_route=\/wp\/v2\/types\/post"}],"author":[{"embeddable":true,"href":"https:\/\/parolesetmusique-lyon.org\/index.php?rest_route=\/wp\/v2\/users\/3"}],"replies":[{"embeddable":true,"href":"https:\/\/parolesetmusique-lyon.org\/index.php?rest_route=%2Fwp%2Fv2%2Fcomments&post=13555"}],"version-history":[{"count":9,"href":"https:\/\/parolesetmusique-lyon.org\/index.php?rest_route=\/wp\/v2\/posts\/13555\/revisions"}],"predecessor-version":[{"id":13587,"href":"https:\/\/parolesetmusique-lyon.org\/index.php?rest_route=\/wp\/v2\/posts\/13555\/revisions\/13587"}],"wp:attachment":[{"href":"https:\/\/parolesetmusique-lyon.org\/index.php?rest_route=%2Fwp%2Fv2%2Fmedia&parent=13555"}],"wp:term":[{"taxonomy":"category","embeddable":true,"href":"https:\/\/parolesetmusique-lyon.org\/index.php?rest_route=%2Fwp%2Fv2%2Fcategories&post=13555"},{"taxonomy":"post_tag","embeddable":true,"href":"https:\/\/parolesetmusique-lyon.org\/index.php?rest_route=%2Fwp%2Fv2%2Ftags&post=13555"}],"curies":[{"name":"wp","href":"https:\/\/api.w.org\/{rel}","templated":true}]}}