{"id":13814,"date":"2024-10-09T16:18:25","date_gmt":"2024-10-09T15:18:25","guid":{"rendered":"https:\/\/parolesetmusique-lyon.org\/?p=13814"},"modified":"2024-10-09T16:22:34","modified_gmt":"2024-10-09T15:22:34","slug":"antonin-vinour","status":"publish","type":"post","link":"https:\/\/parolesetmusique-lyon.org\/?p=13814","title":{"rendered":"Antonin VINOUR"},"content":{"rendered":"<div class=\"flex_column av_one_half  flex_column_div av-zero-column-padding first  avia-builder-el-0  el_before_av_one_half  avia-builder-el-first  \" style='border-radius:0px; '><div  class='avia-image-container  av-styling-    avia-builder-el-1  avia-builder-el-no-sibling  avia-align-center '  itemprop=\"image\" itemscope=\"itemscope\" itemtype=\"https:\/\/schema.org\/ImageObject\"  ><div class='avia-image-container-inner'><div class='avia-image-overlay-wrap'><img class='avia_image' src='https:\/\/parolesetmusique-lyon.org\/wp-content\/uploads\/2021\/11\/2021.11.06-Adrien-Irankhah-2-225x300.jpg' alt='' title=''   itemprop=\"thumbnailUrl\"  \/><\/div><\/div><\/div><\/div>\n<div class=\"flex_column av_one_half  flex_column_div av-zero-column-padding   avia-builder-el-2  el_after_av_one_half  el_before_av_one_full  \" style='border-radius:0px; '><p><div  style='padding-bottom:10px; ' class='av-special-heading av-special-heading-h3    avia-builder-el-3  el_before_av_textblock  avia-builder-el-first  '><h3 class='av-special-heading-tag '  itemprop=\"headline\"  >Antonin VINOUR<\/h3><div class='special-heading-border'><div class='special-heading-inner-border' ><\/div><\/div><\/div><br \/>\n<section class=\"av_textblock_section \"  itemscope=\"itemscope\" itemtype=\"https:\/\/schema.org\/BlogPosting\" itemprop=\"blogPost\" ><div class='avia_textblock  '   itemprop=\"text\" ><p>\u200bN\u00e9 en 1996, Antonin commence le piano \u00e0 l\u2019\u00e2ge de 11 ans.<br \/>\nApr\u00e8s avoir \u00e9tudi\u00e9 au CRR de Perpignan, il entre au CRR de Saint- Maur dans la classe de Romano PALLOTTINI, o\u00f9 il obtiendra son DEM, puis son dipl\u00f4me de perfectionnement. En 2017, il entre au CRR de Rueil-Malmaison dans la classe de Pascal AMOYEL, avant d\u2019\u00eatre admis au CNSMD de Lyon chez Laurent CABASSO et H\u00e9l\u00e8ne BOUCHEZ<br \/>\nParall\u00e8lement, Antonin travaille aux c\u00f4t\u00e9s de Bernard d\u2019ASCOLI dans l\u2019association \u00ab Piano Cantabile \u00bb, ainsi qu\u2019avec Jean-Marc LUISADA, Ilja SCHEPS, C\u00e9cile HUGONNARD-ROCHE ou Philippe CASSARD lors de master-class.<br \/>\nAntonin est prim\u00e9 lors des concours internationaux de Montrond-les- bains et Parempuyre, et il est invit\u00e9 \u00e0 se produire en soliste \u00e0 de nombreuses reprises : au festival international jeunes interpr\u00e8tes du Boulou, au festival de musique de Vars, \u00e0 Canet-en-Roussillon, \u00e0 Tord\u00e8res, au Goethe institut \u00e0 Lyon\u2026 Mais aussi \u00e0 Amsterdam, Bruxelles, Lille, Nantes, Bordeaux et Toulouse lors d\u2019une tourn\u00e9e europ\u00e9enne.<br \/>\n\u00c9galement passionn\u00e9 de musique de chambre, il fonde en 2016 le trio \u00ab Kairos \u00bb avec deux de ses fr\u00e8res \u00e9tudiants au CNSMD de Paris, avec qui il se produit entre autres au festival international jeunes interpr\u00e8tes du Boulou, au festival des garrotxes, au festival \u00ab festisol \u00bb \u00e0 Tord\u00e8res, ou encore lors du concours des Familles \u00e0 paris o\u00f9 ils obtiennent le deuxi\u00e8me prix.<br \/>\nDepuis septembre 2021, il forme avec la trompettiste Luce Perret, rencontr\u00e9e au CNSMD de Lyon, le duo \u00ab Mosa\u00efque \u00bb.<br \/>\nOriginaire de Perpignan, il a \u00e9galement \u00e9tudi\u00e9 la Tenora, instrument traditionnel catalan, et a \u00e9t\u00e9 pendant plusieurs ann\u00e9es musicien au sein de la cobla Mil-lenari\u00e0.<\/p>\n<\/div><\/section><\/p><\/div><div class=\"flex_column av_one_full  flex_column_div av-zero-column-padding first  avia-builder-el-5  el_after_av_one_half  avia-builder-el-last  column-top-margin\" style='border-radius:0px; '><div  class='avia-button-wrap avia-button-center  avia-builder-el-6  avia-builder-el-no-sibling ' ><a href='https:\/\/parolesetmusique-lyon.org\/?page_id=12140'  class='avia-button   avia-icon_select-yes-left-icon avia-color-theme-color avia-size-small avia-position-center '   ><span class='avia_button_icon avia_button_icon_left ' aria-hidden='true' data-av_icon='\ue830' data-av_iconfont='entypo-fontello'><\/span><span class='avia_iconbox_title' >Retour musiciens 2023-2024<\/span><\/a><\/div><\/div><\/p>\n","protected":false},"excerpt":{"rendered":"","protected":false},"author":6,"featured_media":0,"comment_status":"closed","ping_status":"closed","sticky":false,"template":"","format":"standard","meta":{"_coblocks_attr":"","_coblocks_dimensions":"","_coblocks_responsive_height":"","_coblocks_accordion_ie_support":"","_exactmetrics_skip_tracking":false,"_exactmetrics_sitenote_active":false,"_exactmetrics_sitenote_note":"","_exactmetrics_sitenote_category":0,"footnotes":""},"categories":[1],"tags":[],"class_list":["post-13814","post","type-post","status-publish","format-standard","hentry","category-test"],"_links":{"self":[{"href":"https:\/\/parolesetmusique-lyon.org\/index.php?rest_route=\/wp\/v2\/posts\/13814","targetHints":{"allow":["GET"]}}],"collection":[{"href":"https:\/\/parolesetmusique-lyon.org\/index.php?rest_route=\/wp\/v2\/posts"}],"about":[{"href":"https:\/\/parolesetmusique-lyon.org\/index.php?rest_route=\/wp\/v2\/types\/post"}],"author":[{"embeddable":true,"href":"https:\/\/parolesetmusique-lyon.org\/index.php?rest_route=\/wp\/v2\/users\/6"}],"replies":[{"embeddable":true,"href":"https:\/\/parolesetmusique-lyon.org\/index.php?rest_route=%2Fwp%2Fv2%2Fcomments&post=13814"}],"version-history":[{"count":2,"href":"https:\/\/parolesetmusique-lyon.org\/index.php?rest_route=\/wp\/v2\/posts\/13814\/revisions"}],"predecessor-version":[{"id":13817,"href":"https:\/\/parolesetmusique-lyon.org\/index.php?rest_route=\/wp\/v2\/posts\/13814\/revisions\/13817"}],"wp:attachment":[{"href":"https:\/\/parolesetmusique-lyon.org\/index.php?rest_route=%2Fwp%2Fv2%2Fmedia&parent=13814"}],"wp:term":[{"taxonomy":"category","embeddable":true,"href":"https:\/\/parolesetmusique-lyon.org\/index.php?rest_route=%2Fwp%2Fv2%2Fcategories&post=13814"},{"taxonomy":"post_tag","embeddable":true,"href":"https:\/\/parolesetmusique-lyon.org\/index.php?rest_route=%2Fwp%2Fv2%2Ftags&post=13814"}],"curies":[{"name":"wp","href":"https:\/\/api.w.org\/{rel}","templated":true}]}}