{"id":13842,"date":"2024-10-09T16:52:14","date_gmt":"2024-10-09T15:52:14","guid":{"rendered":"https:\/\/parolesetmusique-lyon.org\/?p=13842"},"modified":"2024-10-09T16:52:44","modified_gmt":"2024-10-09T15:52:44","slug":"pierre-yves-fleury","status":"publish","type":"post","link":"https:\/\/parolesetmusique-lyon.org\/?p=13842","title":{"rendered":"Pierre-Yves FLEURY"},"content":{"rendered":"<div class=\"flex_column av_one_half  flex_column_div av-zero-column-padding first  avia-builder-el-0  el_before_av_one_half  avia-builder-el-first  \" style='border-radius:0px; '><div  class='avia-image-container  av-styling-    avia-builder-el-1  avia-builder-el-no-sibling  avia-align-center '  itemprop=\"image\" itemscope=\"itemscope\" itemtype=\"https:\/\/schema.org\/ImageObject\"  ><div class='avia-image-container-inner'><div class='avia-image-overlay-wrap'><img class='avia_image' src='https:\/\/parolesetmusique-lyon.org\/wp-content\/uploads\/2021\/11\/2021.11.06-Adrien-Irankhah-2-225x300.jpg' alt='' title=''   itemprop=\"thumbnailUrl\"  \/><\/div><\/div><\/div><\/div>\n<div class=\"flex_column av_one_half  flex_column_div av-zero-column-padding   avia-builder-el-2  el_after_av_one_half  el_before_av_one_full  \" style='border-radius:0px; '><p><div  style='padding-bottom:10px; ' class='av-special-heading av-special-heading-h3    avia-builder-el-3  el_before_av_textblock  avia-builder-el-first  '><h3 class='av-special-heading-tag '  itemprop=\"headline\"  >Pierre-Yves FLEURY<\/h3><div class='special-heading-border'><div class='special-heading-inner-border' ><\/div><\/div><\/div><br \/>\n<section class=\"av_textblock_section \"  itemscope=\"itemscope\" itemtype=\"https:\/\/schema.org\/BlogPosting\" itemprop=\"blogPost\" ><div class='avia_textblock  '   itemprop=\"text\" ><p>Pierre-Yves Fleury a \u00e9tudi\u00e9 l\u2019orgue avec Michel CHAPUIS, Norbert PETRY, Susan LANDALE et Louis ROBILLIARD aux Conservatoires de Besan\u00e7on, Rueil-Malmaison et Lyon. Il y obtient plusieurs premiers prix, en orgue, \u00e9criture, formation musicale et analyse. En juin 2000, il obtient au Conservatoire National Sup\u00e9rieur de Musique de Lyon le Dipl\u00f4me National d\u2019Etudes Sup\u00e9rieures de Musique, mention tr\u00e8s bien, dans la classe d\u2019orgue de Jean BOYER et Liesbeth SCHLUMBERGER. Il est titulaire d\u2019une Ma\u00eetrise de Musicologie, mention tr\u00e8s bien, \u00e0 Paris-IV Sorbonne et d\u2019un premier prix d\u2019analyse au Conservatoire National Sup\u00e9rieur de Musique de Paris.<\/p>\n<p>En juin 2002, il obtient le C.A. de professeur d\u2019orgue. PEA d\u2019orgue et PEA de culture musicale, il occupe entre 2003 et 2012 plusieurs postes d\u2019enseignement : au CNR de Lyon pour l\u2019orgue et l\u2019improvisation, aux CRD de M\u00e2con et Bourgoin-Jallieu pour l\u2019orgue et l\u2019Analyse, \u00e0 l\u2019IMSL de Lyon pour l\u2019improvisation, \u00e0 l\u2019Universit\u00e9 de Franche-Comt\u00e9 pour l\u2019Histoire de la Musique et l\u2019Analyse. Il travaille \u00e9galement en collaboration avec l\u2019Auditorium Maurice RAVEL de Lyon de 2000 \u00e0 2009. Il est depuis 2012, professeur d\u2019orgue au CRR du Grand Besan\u00e7on.<\/p>\n<p>En octobre 2005, il cr\u00e9e avec quelques organistes lyonnais, le festival \u00abOrgue en Jeu \u00bb, pr\u00e9sid\u00e9e par Louis Robilliard, et codirige avec Olivier Camelin le 1er Concours International d\u2019Orgue de Lyon (avril 2009). En 2009, il cr\u00e9e le festival \u00abOrgue en Ville\u00bb \u00e0 Besan\u00e7on.<\/p>\n<p>Organiste de la Basilique de Fourvi\u00e8re de Lyon de 2001 \u00e0 2010, il est actuellement organiste \u00e0 Ollon-Villars et m\u00e8ne une activit\u00e9 de concertiste en France et \u00e0 l\u2019\u00c9tranger.<\/p>\n<\/div><\/section><\/p><\/div><div class=\"flex_column av_one_full  flex_column_div av-zero-column-padding first  avia-builder-el-5  el_after_av_one_half  avia-builder-el-last  column-top-margin\" style='border-radius:0px; '><div  class='avia-button-wrap avia-button-center  avia-builder-el-6  avia-builder-el-no-sibling ' ><a href='https:\/\/parolesetmusique-lyon.org\/?page_id=12140'  class='avia-button   avia-icon_select-yes-left-icon avia-color-theme-color avia-size-small avia-position-center '   ><span class='avia_button_icon avia_button_icon_left ' aria-hidden='true' data-av_icon='\ue830' data-av_iconfont='entypo-fontello'><\/span><span class='avia_iconbox_title' >Retour musiciens 2023-2024<\/span><\/a><\/div><\/div><\/p>\n","protected":false},"excerpt":{"rendered":"","protected":false},"author":6,"featured_media":0,"comment_status":"closed","ping_status":"closed","sticky":false,"template":"","format":"standard","meta":{"_coblocks_attr":"","_coblocks_dimensions":"","_coblocks_responsive_height":"","_coblocks_accordion_ie_support":"","_exactmetrics_skip_tracking":false,"_exactmetrics_sitenote_active":false,"_exactmetrics_sitenote_note":"","_exactmetrics_sitenote_category":0,"footnotes":""},"categories":[1],"tags":[],"class_list":["post-13842","post","type-post","status-publish","format-standard","hentry","category-test"],"_links":{"self":[{"href":"https:\/\/parolesetmusique-lyon.org\/index.php?rest_route=\/wp\/v2\/posts\/13842","targetHints":{"allow":["GET"]}}],"collection":[{"href":"https:\/\/parolesetmusique-lyon.org\/index.php?rest_route=\/wp\/v2\/posts"}],"about":[{"href":"https:\/\/parolesetmusique-lyon.org\/index.php?rest_route=\/wp\/v2\/types\/post"}],"author":[{"embeddable":true,"href":"https:\/\/parolesetmusique-lyon.org\/index.php?rest_route=\/wp\/v2\/users\/6"}],"replies":[{"embeddable":true,"href":"https:\/\/parolesetmusique-lyon.org\/index.php?rest_route=%2Fwp%2Fv2%2Fcomments&post=13842"}],"version-history":[{"count":1,"href":"https:\/\/parolesetmusique-lyon.org\/index.php?rest_route=\/wp\/v2\/posts\/13842\/revisions"}],"predecessor-version":[{"id":13843,"href":"https:\/\/parolesetmusique-lyon.org\/index.php?rest_route=\/wp\/v2\/posts\/13842\/revisions\/13843"}],"wp:attachment":[{"href":"https:\/\/parolesetmusique-lyon.org\/index.php?rest_route=%2Fwp%2Fv2%2Fmedia&parent=13842"}],"wp:term":[{"taxonomy":"category","embeddable":true,"href":"https:\/\/parolesetmusique-lyon.org\/index.php?rest_route=%2Fwp%2Fv2%2Fcategories&post=13842"},{"taxonomy":"post_tag","embeddable":true,"href":"https:\/\/parolesetmusique-lyon.org\/index.php?rest_route=%2Fwp%2Fv2%2Ftags&post=13842"}],"curies":[{"name":"wp","href":"https:\/\/api.w.org\/{rel}","templated":true}]}}