{"id":14199,"date":"2026-03-30T08:42:23","date_gmt":"2026-03-30T07:42:23","guid":{"rendered":"https:\/\/parolesetmusique-lyon.org\/?p=14199"},"modified":"2026-03-30T08:42:24","modified_gmt":"2026-03-30T07:42:24","slug":"thomas-garrigue","status":"publish","type":"post","link":"https:\/\/parolesetmusique-lyon.org\/?p=14199","title":{"rendered":"Thomas GARRIGUE"},"content":{"rendered":"<div class=\"flex_column av_one_half  flex_column_div av-zero-column-padding first  avia-builder-el-0  el_before_av_one_half  avia-builder-el-first  \" style='border-radius:0px; '><div  class='avia-image-container  av-styling-    avia-builder-el-1  avia-builder-el-no-sibling  avia-align-center '  itemprop=\"image\" itemscope=\"itemscope\" itemtype=\"https:\/\/schema.org\/ImageObject\"  ><div class='avia-image-container-inner'><div class='avia-image-overlay-wrap'><img class='avia_image' src='https:\/\/parolesetmusique-lyon.org\/wp-content\/uploads\/2021\/11\/2021.11.06-Adrien-Irankhah-2-225x300.jpg' alt='' title=''   itemprop=\"thumbnailUrl\"  \/><\/div><\/div><\/div><\/div>\n<div class=\"flex_column av_one_half  flex_column_div av-zero-column-padding   avia-builder-el-2  el_after_av_one_half  el_before_av_one_full  \" style='border-radius:0px; '><p><div  style='padding-bottom:10px; ' class='av-special-heading av-special-heading-h3    avia-builder-el-3  el_before_av_textblock  avia-builder-el-first  '><h3 class='av-special-heading-tag '  itemprop=\"headline\"  >Thomas Garrigue<\/h3><div class='special-heading-border'><div class='special-heading-inner-border' ><\/div><\/div><\/div><br \/>\n<section class=\"av_textblock_section \"  itemscope=\"itemscope\" itemtype=\"https:\/\/schema.org\/BlogPosting\" itemprop=\"blogPost\" ><div class='avia_textblock  '   itemprop=\"text\" ><p>N\u00e9 en 2001, Thomas commence la fl\u00fbte \u00e0 l\u2019\u00e2ge de six ans dans le Val d\u2019Oise, \u00e0 Saint Ouen l\u2019Aum\u00f4ne. Il entre quelques ann\u00e9es plus tard au Conservatoire R\u00e9gional de Cergy-Pontoise. Apr\u00e8s avoir obtenu son Dipl\u00f4me d\u2019\u00e9tudes musicales, il int\u00e8gre la classe de Perfectionnement de Pascale Feuvrier au Conservatoire R\u00e9gional de Rueil-Malmaison. Il r\u00e9ussit en mai 2021 le concours d\u2019entr\u00e9e au Conservatoire National Sup\u00e9rieur de Lyon, o\u00f9 il \u00e9tudie d\u00e9sormais dans la classe de Julien Beaudiment, Emmanuelle R\u00e9ville et Gilles Cottin. Gr\u00e2ce au programme ERASMUS, il part \u00e9tudier un an \u00e0 Hambourg au sein de la Hochschule f\u00fcr Musik und Theater, aupr\u00e8s de J\u00fcrgen Franz. Il participe \u00e0 plusieurs s\u00e9ries au sein de l\u2019Orchestre National de Mulhouse, de l\u2019Orchestre National de Lyon, de l\u2019Orchestre de l\u2019Op\u00e9ra de Lyon, de l\u2019Op\u00e9ra du Rhin et de l\u2019Orchestre de Chambre de Lyon. Il se produit \u00e9galement en musique de chambre dans diff\u00e9rents festivals de la r\u00e9gion lyonnaise.<\/p>\n<\/div><\/section><\/p><\/div><div class=\"flex_column av_one_full  flex_column_div av-zero-column-padding first  avia-builder-el-5  el_after_av_one_half  avia-builder-el-last  column-top-margin\" style='border-radius:0px; '><div  class='avia-button-wrap avia-button-center  avia-builder-el-6  avia-builder-el-no-sibling ' ><a href='https:\/\/parolesetmusique-lyon.org\/?page_id=14112'  class='avia-button   avia-icon_select-yes-left-icon avia-color-theme-color avia-size-small avia-position-center '   ><span class='avia_button_icon avia_button_icon_left ' aria-hidden='true' data-av_icon='\ue830' data-av_iconfont='entypo-fontello'><\/span><span class='avia_iconbox_title' >Retour musiciens 2025-2026<\/span><\/a><\/div><\/div><\/p>\n","protected":false},"excerpt":{"rendered":"","protected":false},"author":6,"featured_media":0,"comment_status":"closed","ping_status":"closed","sticky":false,"template":"","format":"standard","meta":{"_coblocks_attr":"","_coblocks_dimensions":"","_coblocks_responsive_height":"","_coblocks_accordion_ie_support":"","_exactmetrics_skip_tracking":false,"_exactmetrics_sitenote_active":false,"_exactmetrics_sitenote_note":"","_exactmetrics_sitenote_category":0,"footnotes":""},"categories":[1],"tags":[],"class_list":["post-14199","post","type-post","status-publish","format-standard","hentry","category-test"],"_links":{"self":[{"href":"https:\/\/parolesetmusique-lyon.org\/index.php?rest_route=\/wp\/v2\/posts\/14199","targetHints":{"allow":["GET"]}}],"collection":[{"href":"https:\/\/parolesetmusique-lyon.org\/index.php?rest_route=\/wp\/v2\/posts"}],"about":[{"href":"https:\/\/parolesetmusique-lyon.org\/index.php?rest_route=\/wp\/v2\/types\/post"}],"author":[{"embeddable":true,"href":"https:\/\/parolesetmusique-lyon.org\/index.php?rest_route=\/wp\/v2\/users\/6"}],"replies":[{"embeddable":true,"href":"https:\/\/parolesetmusique-lyon.org\/index.php?rest_route=%2Fwp%2Fv2%2Fcomments&post=14199"}],"version-history":[{"count":1,"href":"https:\/\/parolesetmusique-lyon.org\/index.php?rest_route=\/wp\/v2\/posts\/14199\/revisions"}],"predecessor-version":[{"id":14200,"href":"https:\/\/parolesetmusique-lyon.org\/index.php?rest_route=\/wp\/v2\/posts\/14199\/revisions\/14200"}],"wp:attachment":[{"href":"https:\/\/parolesetmusique-lyon.org\/index.php?rest_route=%2Fwp%2Fv2%2Fmedia&parent=14199"}],"wp:term":[{"taxonomy":"category","embeddable":true,"href":"https:\/\/parolesetmusique-lyon.org\/index.php?rest_route=%2Fwp%2Fv2%2Fcategories&post=14199"},{"taxonomy":"post_tag","embeddable":true,"href":"https:\/\/parolesetmusique-lyon.org\/index.php?rest_route=%2Fwp%2Fv2%2Ftags&post=14199"}],"curies":[{"name":"wp","href":"https:\/\/api.w.org\/{rel}","templated":true}]}}