{"id":14204,"date":"2026-03-30T10:24:10","date_gmt":"2026-03-30T09:24:10","guid":{"rendered":"https:\/\/parolesetmusique-lyon.org\/?p=14204"},"modified":"2026-03-30T10:24:11","modified_gmt":"2026-03-30T09:24:11","slug":"angela-rinaldi","status":"publish","type":"post","link":"https:\/\/parolesetmusique-lyon.org\/?p=14204","title":{"rendered":"Angela RINALDI"},"content":{"rendered":"<div class=\"flex_column av_one_half  flex_column_div av-zero-column-padding first  avia-builder-el-0  el_before_av_one_half  avia-builder-el-first  \" style='border-radius:0px; '><div  class='avia-image-container  av-styling-    avia-builder-el-1  avia-builder-el-no-sibling  avia-align-center '  itemprop=\"image\" itemscope=\"itemscope\" itemtype=\"https:\/\/schema.org\/ImageObject\"  ><div class='avia-image-container-inner'><div class='avia-image-overlay-wrap'><img class='avia_image' src='https:\/\/parolesetmusique-lyon.org\/wp-content\/uploads\/2021\/11\/2021.11.06-Adrien-Irankhah-2-225x300.jpg' alt='' title=''   itemprop=\"thumbnailUrl\"  \/><\/div><\/div><\/div><\/div>\n<div class=\"flex_column av_one_half  flex_column_div av-zero-column-padding   avia-builder-el-2  el_after_av_one_half  el_before_av_one_full  \" style='border-radius:0px; '><p><div  style='padding-bottom:10px; ' class='av-special-heading av-special-heading-h3    avia-builder-el-3  el_before_av_textblock  avia-builder-el-first  '><h3 class='av-special-heading-tag '  itemprop=\"headline\"  >Angela Rinaldi<\/h3><div class='special-heading-border'><div class='special-heading-inner-border' ><\/div><\/div><\/div><br \/>\n<section class=\"av_textblock_section \"  itemscope=\"itemscope\" itemtype=\"https:\/\/schema.org\/BlogPosting\" itemprop=\"blogPost\" ><div class='avia_textblock  '   itemprop=\"text\" ><p>Angela Rinaldi d\u00e9bute la musique en Dordogne, d\u2019abord par le piano avant de se consacrer au hautbois. Durant ces premi\u00e8res ann\u00e9es, elle d\u00e9veloppe une formation artistique pluridisciplinaire en pratiquant \u00e9galement la danse et le chant.<\/p>\n<p>Elle poursuit sa formation au Conservatoire \u00e0 Rayonnement R\u00e9gional de Bordeaux dans la classe de Dominique Descamps, puis au Conservatoire \u00e0 Rayonnement R\u00e9gional de Paris aupr\u00e8s de J\u00e9r\u00f4me Guichard et R\u00e9mi Grouiller. En 2022, elle int\u00e8gre le Conservatoire National Sup\u00e9rieur de Musique et de Danse de Lyon dans la classe d\u2019Alexandre Gattet et J\u00e9r\u00f4me Guichard, o\u00f9 elle poursuit actuellement un Master.<\/p>\n<p>Particuli\u00e8rement attir\u00e9e par le r\u00e9pertoire orchestral, elle se produit d\u00e9j\u00e0 au sein de diff\u00e9rentes formations et festivals, notamment au Festival de l\u2019\u00cele de R\u00e9 et au Festival Pablo Casals de Prades sous la direction de Pierre Bleuse. Elle collabore \u00e9galement avec plusieurs orchestres tels que l\u2019Orchestre Philharmonique de Radio France, l\u2019Orchestre National de Mulhouse ou encore l\u2019Orchestre National des Pays de la Loire.<\/p>\n<p>Parall\u00e8lement \u00e0 son activit\u00e9 orchestrale, elle d\u00e9veloppe une pratique r\u00e9guli\u00e8re de la musique de chambre, notamment en trio et quintette, et participe \u00e0 des projets port\u00e9s par de jeunes musiciens comme l\u2019Orchestre du Printemps.<\/p>\n<p>Actuellement en premi\u00e8re ann\u00e9e de Master au CNSMD de Lyon, elle se destine \u00e0 une carri\u00e8re de musicienne d\u2019orchestre.<\/p>\n<\/div><\/section><\/p><\/div><div class=\"flex_column av_one_full  flex_column_div av-zero-column-padding first  avia-builder-el-5  el_after_av_one_half  avia-builder-el-last  column-top-margin\" style='border-radius:0px; '><div  class='avia-button-wrap avia-button-center  avia-builder-el-6  avia-builder-el-no-sibling ' ><a href='https:\/\/parolesetmusique-lyon.org\/?page_id=14112'  class='avia-button   avia-icon_select-yes-left-icon avia-color-theme-color avia-size-small avia-position-center '   ><span class='avia_button_icon avia_button_icon_left ' aria-hidden='true' data-av_icon='\ue830' data-av_iconfont='entypo-fontello'><\/span><span class='avia_iconbox_title' >Retour musiciens 2025-2026<\/span><\/a><\/div><\/div><\/p>\n","protected":false},"excerpt":{"rendered":"","protected":false},"author":6,"featured_media":0,"comment_status":"closed","ping_status":"closed","sticky":false,"template":"","format":"standard","meta":{"_coblocks_attr":"","_coblocks_dimensions":"","_coblocks_responsive_height":"","_coblocks_accordion_ie_support":"","_exactmetrics_skip_tracking":false,"_exactmetrics_sitenote_active":false,"_exactmetrics_sitenote_note":"","_exactmetrics_sitenote_category":0,"footnotes":""},"categories":[1],"tags":[],"class_list":["post-14204","post","type-post","status-publish","format-standard","hentry","category-test"],"_links":{"self":[{"href":"https:\/\/parolesetmusique-lyon.org\/index.php?rest_route=\/wp\/v2\/posts\/14204","targetHints":{"allow":["GET"]}}],"collection":[{"href":"https:\/\/parolesetmusique-lyon.org\/index.php?rest_route=\/wp\/v2\/posts"}],"about":[{"href":"https:\/\/parolesetmusique-lyon.org\/index.php?rest_route=\/wp\/v2\/types\/post"}],"author":[{"embeddable":true,"href":"https:\/\/parolesetmusique-lyon.org\/index.php?rest_route=\/wp\/v2\/users\/6"}],"replies":[{"embeddable":true,"href":"https:\/\/parolesetmusique-lyon.org\/index.php?rest_route=%2Fwp%2Fv2%2Fcomments&post=14204"}],"version-history":[{"count":1,"href":"https:\/\/parolesetmusique-lyon.org\/index.php?rest_route=\/wp\/v2\/posts\/14204\/revisions"}],"predecessor-version":[{"id":14205,"href":"https:\/\/parolesetmusique-lyon.org\/index.php?rest_route=\/wp\/v2\/posts\/14204\/revisions\/14205"}],"wp:attachment":[{"href":"https:\/\/parolesetmusique-lyon.org\/index.php?rest_route=%2Fwp%2Fv2%2Fmedia&parent=14204"}],"wp:term":[{"taxonomy":"category","embeddable":true,"href":"https:\/\/parolesetmusique-lyon.org\/index.php?rest_route=%2Fwp%2Fv2%2Fcategories&post=14204"},{"taxonomy":"post_tag","embeddable":true,"href":"https:\/\/parolesetmusique-lyon.org\/index.php?rest_route=%2Fwp%2Fv2%2Ftags&post=14204"}],"curies":[{"name":"wp","href":"https:\/\/api.w.org\/{rel}","templated":true}]}}