{"id":14208,"date":"2026-03-30T10:29:40","date_gmt":"2026-03-30T09:29:40","guid":{"rendered":"https:\/\/parolesetmusique-lyon.org\/?p=14208"},"modified":"2026-03-30T10:29:41","modified_gmt":"2026-03-30T09:29:41","slug":"nicolas-gateau","status":"publish","type":"post","link":"https:\/\/parolesetmusique-lyon.org\/?p=14208","title":{"rendered":"Nicolas GATEAU"},"content":{"rendered":"<div class=\"flex_column av_one_half  flex_column_div av-zero-column-padding first  avia-builder-el-0  el_before_av_one_half  avia-builder-el-first  \" style='border-radius:0px; '><div  class='avia-image-container  av-styling-    avia-builder-el-1  avia-builder-el-no-sibling  avia-align-center '  itemprop=\"image\" itemscope=\"itemscope\" itemtype=\"https:\/\/schema.org\/ImageObject\"  ><div class='avia-image-container-inner'><div class='avia-image-overlay-wrap'><img class='avia_image' src='https:\/\/parolesetmusique-lyon.org\/wp-content\/uploads\/2021\/11\/2021.11.06-Adrien-Irankhah-2-225x300.jpg' alt='' title=''   itemprop=\"thumbnailUrl\"  \/><\/div><\/div><\/div><\/div>\n<div class=\"flex_column av_one_half  flex_column_div av-zero-column-padding   avia-builder-el-2  el_after_av_one_half  el_before_av_one_full  \" style='border-radius:0px; '><p><div  style='padding-bottom:10px; ' class='av-special-heading av-special-heading-h3    avia-builder-el-3  el_before_av_textblock  avia-builder-el-first  '><h3 class='av-special-heading-tag '  itemprop=\"headline\"  >Nicolas Gateau<\/h3><div class='special-heading-border'><div class='special-heading-inner-border' ><\/div><\/div><\/div><br \/>\n<section class=\"av_textblock_section \"  itemscope=\"itemscope\" itemtype=\"https:\/\/schema.org\/BlogPosting\" itemprop=\"blogPost\" ><div class='avia_textblock  '   itemprop=\"text\" ><p>Nicolas Gateau, n\u00e9 en 2000 dans la Ni\u00e8vre, d\u00e9bute le cor \u00e0 6 ans \u00e0 Imphy. Apr\u00e8s des \u00e9tudes \u00e0 Nevers puis \u00e0 Paris (CMA13 et CRR), il int\u00e8gre en 2023 le Conservatoire National Sup\u00e9rieur de Musique et de Danse de Lyon dans la classe de Guillaume Tetu. Il travaille alors avec plusieurs orchestres fran\u00e7ais, dont l\u2019Orchestre National de France et l\u2019Orchestre National de Lyon, l\u2019Orchestre National d\u2019Avignon Provence. Il est aussi professeur dans des stages tels que : l\u2019Association Musicale du Cher ou encore l\u2019Academie des Monts en Musique. En 2025, il remporte le concours de cor grave \u00e0 l\u2019Orchestre de l\u2019Op\u00e9ra National de Lyon.<\/p>\n<\/div><\/section><\/p><\/div><div class=\"flex_column av_one_full  flex_column_div av-zero-column-padding first  avia-builder-el-5  el_after_av_one_half  avia-builder-el-last  column-top-margin\" style='border-radius:0px; '><div  class='avia-button-wrap avia-button-center  avia-builder-el-6  avia-builder-el-no-sibling ' ><a href='https:\/\/parolesetmusique-lyon.org\/?page_id=14112'  class='avia-button   avia-icon_select-yes-left-icon avia-color-theme-color avia-size-small avia-position-center '   ><span class='avia_button_icon avia_button_icon_left ' aria-hidden='true' data-av_icon='\ue830' data-av_iconfont='entypo-fontello'><\/span><span class='avia_iconbox_title' >Retour musiciens 2025-2026<\/span><\/a><\/div><\/div><\/p>\n","protected":false},"excerpt":{"rendered":"","protected":false},"author":6,"featured_media":0,"comment_status":"closed","ping_status":"closed","sticky":false,"template":"","format":"standard","meta":{"_coblocks_attr":"","_coblocks_dimensions":"","_coblocks_responsive_height":"","_coblocks_accordion_ie_support":"","_exactmetrics_skip_tracking":false,"_exactmetrics_sitenote_active":false,"_exactmetrics_sitenote_note":"","_exactmetrics_sitenote_category":0,"footnotes":""},"categories":[1],"tags":[],"class_list":["post-14208","post","type-post","status-publish","format-standard","hentry","category-test"],"_links":{"self":[{"href":"https:\/\/parolesetmusique-lyon.org\/index.php?rest_route=\/wp\/v2\/posts\/14208","targetHints":{"allow":["GET"]}}],"collection":[{"href":"https:\/\/parolesetmusique-lyon.org\/index.php?rest_route=\/wp\/v2\/posts"}],"about":[{"href":"https:\/\/parolesetmusique-lyon.org\/index.php?rest_route=\/wp\/v2\/types\/post"}],"author":[{"embeddable":true,"href":"https:\/\/parolesetmusique-lyon.org\/index.php?rest_route=\/wp\/v2\/users\/6"}],"replies":[{"embeddable":true,"href":"https:\/\/parolesetmusique-lyon.org\/index.php?rest_route=%2Fwp%2Fv2%2Fcomments&post=14208"}],"version-history":[{"count":1,"href":"https:\/\/parolesetmusique-lyon.org\/index.php?rest_route=\/wp\/v2\/posts\/14208\/revisions"}],"predecessor-version":[{"id":14209,"href":"https:\/\/parolesetmusique-lyon.org\/index.php?rest_route=\/wp\/v2\/posts\/14208\/revisions\/14209"}],"wp:attachment":[{"href":"https:\/\/parolesetmusique-lyon.org\/index.php?rest_route=%2Fwp%2Fv2%2Fmedia&parent=14208"}],"wp:term":[{"taxonomy":"category","embeddable":true,"href":"https:\/\/parolesetmusique-lyon.org\/index.php?rest_route=%2Fwp%2Fv2%2Fcategories&post=14208"},{"taxonomy":"post_tag","embeddable":true,"href":"https:\/\/parolesetmusique-lyon.org\/index.php?rest_route=%2Fwp%2Fv2%2Ftags&post=14208"}],"curies":[{"name":"wp","href":"https:\/\/api.w.org\/{rel}","templated":true}]}}