{"id":14212,"date":"2026-03-30T16:12:27","date_gmt":"2026-03-30T15:12:27","guid":{"rendered":"https:\/\/parolesetmusique-lyon.org\/?p=14212"},"modified":"2026-03-30T16:12:28","modified_gmt":"2026-03-30T15:12:28","slug":"arthur-jorda","status":"publish","type":"post","link":"https:\/\/parolesetmusique-lyon.org\/?p=14212","title":{"rendered":"Arthur JORDA"},"content":{"rendered":"<div class=\"flex_column av_one_half  flex_column_div av-zero-column-padding first  avia-builder-el-0  el_before_av_one_half  avia-builder-el-first  \" style='border-radius:0px; '><div  class='avia-image-container  av-styling-    avia-builder-el-1  avia-builder-el-no-sibling  avia-align-center '  itemprop=\"image\" itemscope=\"itemscope\" itemtype=\"https:\/\/schema.org\/ImageObject\"  ><div class='avia-image-container-inner'><div class='avia-image-overlay-wrap'><img class='avia_image' src='https:\/\/parolesetmusique-lyon.org\/wp-content\/uploads\/2021\/11\/2021.11.06-Adrien-Irankhah-2-225x300.jpg' alt='' title=''   itemprop=\"thumbnailUrl\"  \/><\/div><\/div><\/div><\/div>\n<div class=\"flex_column av_one_half  flex_column_div av-zero-column-padding   avia-builder-el-2  el_after_av_one_half  el_before_av_one_full  \" style='border-radius:0px; '><p><div  style='padding-bottom:10px; ' class='av-special-heading av-special-heading-h3    avia-builder-el-3  el_before_av_textblock  avia-builder-el-first  '><h3 class='av-special-heading-tag '  itemprop=\"headline\"  >Arthur Jorda<\/h3><div class='special-heading-border'><div class='special-heading-inner-border' ><\/div><\/div><\/div><br \/>\n<section class=\"av_textblock_section \"  itemscope=\"itemscope\" itemtype=\"https:\/\/schema.org\/BlogPosting\" itemprop=\"blogPost\" ><div class='avia_textblock  '   itemprop=\"text\" ><p>Arthur Jorda est un bassoniste fran\u00e7ais actif en orchestre et en musique de chambre. Il se produit avec diverses formations symphoniques et d\u00e9veloppe en parall\u00e8le une pratique chambriste engag\u00e9e, notamment au sein d\u2019ensembles \u00e0 vents.<br \/>\nIl est \u00e9galement invit\u00e9 en soliste, notamment \u00e0 l\u2019Op\u00e9ra de Vichy, o\u00f9 il met en valeur le r\u00e9pertoire du basson avec sensibilit\u00e9 et expressivit\u00e9.<\/p>\n<\/div><\/section><\/p><\/div><div class=\"flex_column av_one_full  flex_column_div av-zero-column-padding first  avia-builder-el-5  el_after_av_one_half  avia-builder-el-last  column-top-margin\" style='border-radius:0px; '><div  class='avia-button-wrap avia-button-center  avia-builder-el-6  avia-builder-el-no-sibling ' ><a href='https:\/\/parolesetmusique-lyon.org\/?page_id=14112'  class='avia-button   avia-icon_select-yes-left-icon avia-color-theme-color avia-size-small avia-position-center '   ><span class='avia_button_icon avia_button_icon_left ' aria-hidden='true' data-av_icon='\ue830' data-av_iconfont='entypo-fontello'><\/span><span class='avia_iconbox_title' >Retour musiciens 2025-2026<\/span><\/a><\/div><\/div><\/p>\n","protected":false},"excerpt":{"rendered":"","protected":false},"author":6,"featured_media":0,"comment_status":"closed","ping_status":"closed","sticky":false,"template":"","format":"standard","meta":{"_coblocks_attr":"","_coblocks_dimensions":"","_coblocks_responsive_height":"","_coblocks_accordion_ie_support":"","_exactmetrics_skip_tracking":false,"_exactmetrics_sitenote_active":false,"_exactmetrics_sitenote_note":"","_exactmetrics_sitenote_category":0,"footnotes":""},"categories":[1],"tags":[],"class_list":["post-14212","post","type-post","status-publish","format-standard","hentry","category-test"],"_links":{"self":[{"href":"https:\/\/parolesetmusique-lyon.org\/index.php?rest_route=\/wp\/v2\/posts\/14212","targetHints":{"allow":["GET"]}}],"collection":[{"href":"https:\/\/parolesetmusique-lyon.org\/index.php?rest_route=\/wp\/v2\/posts"}],"about":[{"href":"https:\/\/parolesetmusique-lyon.org\/index.php?rest_route=\/wp\/v2\/types\/post"}],"author":[{"embeddable":true,"href":"https:\/\/parolesetmusique-lyon.org\/index.php?rest_route=\/wp\/v2\/users\/6"}],"replies":[{"embeddable":true,"href":"https:\/\/parolesetmusique-lyon.org\/index.php?rest_route=%2Fwp%2Fv2%2Fcomments&post=14212"}],"version-history":[{"count":1,"href":"https:\/\/parolesetmusique-lyon.org\/index.php?rest_route=\/wp\/v2\/posts\/14212\/revisions"}],"predecessor-version":[{"id":14213,"href":"https:\/\/parolesetmusique-lyon.org\/index.php?rest_route=\/wp\/v2\/posts\/14212\/revisions\/14213"}],"wp:attachment":[{"href":"https:\/\/parolesetmusique-lyon.org\/index.php?rest_route=%2Fwp%2Fv2%2Fmedia&parent=14212"}],"wp:term":[{"taxonomy":"category","embeddable":true,"href":"https:\/\/parolesetmusique-lyon.org\/index.php?rest_route=%2Fwp%2Fv2%2Fcategories&post=14212"},{"taxonomy":"post_tag","embeddable":true,"href":"https:\/\/parolesetmusique-lyon.org\/index.php?rest_route=%2Fwp%2Fv2%2Ftags&post=14212"}],"curies":[{"name":"wp","href":"https:\/\/api.w.org\/{rel}","templated":true}]}}