{"id":9688,"date":"2021-09-19T16:00:51","date_gmt":"2021-09-19T15:00:51","guid":{"rendered":"https:\/\/parolesetmusique-lyon.org\/?p=9688"},"modified":"2021-09-19T17:13:54","modified_gmt":"2021-09-19T16:13:54","slug":"amandine-ammirati-soprano","status":"publish","type":"post","link":"https:\/\/parolesetmusique-lyon.org\/?p=9688","title":{"rendered":"Amandine Ammirati, soprano"},"content":{"rendered":"<div class=\"flex_column av_one_half  flex_column_div av-zero-column-padding first  avia-builder-el-0  el_before_av_one_half  avia-builder-el-first  \" style='border-radius:0px; '><div  class='avia-image-container  av-styling-    avia-builder-el-1  avia-builder-el-no-sibling  avia-align-center '  itemprop=\"image\" itemscope=\"itemscope\" itemtype=\"https:\/\/schema.org\/ImageObject\"  ><div class='avia-image-container-inner'><div class='avia-image-overlay-wrap'><img class='avia_image' src='https:\/\/parolesetmusique-lyon.org\/wp-content\/uploads\/2021\/09\/amandine-ammirati-200x300.jpg' alt='' title=''   itemprop=\"thumbnailUrl\"  \/><\/div><\/div><\/div><\/div>\n<div class=\"flex_column av_one_half  flex_column_div av-zero-column-padding   avia-builder-el-2  el_after_av_one_half  el_before_av_one_full  \" style='border-radius:0px; '><p><div  style='padding-bottom:10px; ' class='av-special-heading av-special-heading-h3    avia-builder-el-3  el_before_av_textblock  avia-builder-el-first  '><h3 class='av-special-heading-tag '  itemprop=\"headline\"  >Amandine Ammirati<\/h3><div class='special-heading-border'><div class='special-heading-inner-border' ><\/div><\/div><\/div><br \/>\n<section class=\"av_textblock_section \"  itemscope=\"itemscope\" itemtype=\"https:\/\/schema.org\/BlogPosting\" itemprop=\"blogPost\" ><div class='avia_textblock  '   itemprop=\"text\" ><p>Membre du Studio de l\u2019Op\u00e9ra national de Lyon pour les saisons 2020\/2022, la soprano Amandine Ammirati y incarne en mars dernier le r\u00f4le de Bellang\u00e8re (Ariane et Barbe-Bleue de Dukas) et y sera prochainement Javotte (Manon de Massenet) en version con-cert \u00e0 l\u2019Auditorium National de Lyon et au Th\u00e9\u00e2tre des Champs-\u00c9lys\u00e9es ; elle est par ail-leurs, au cours de la saison 2020\/2021, La femme de l\u2019aubergiste (Der Traumg\u00f6rge de Zemlinsky) \u00e0 l\u2019Op\u00e9ra national de Lorraine, puis \u00e0 l\u2019Op\u00e9ra de Dijon.N\u00e9e dans une famille d\u2019artistes lyriques, Amandine Ammirati a \u00e9t\u00e9 berc\u00e9e par l\u2019op\u00e9ra d\u00e8s son plus jeune \u00e2ge ; c\u2019est donc tout naturellement qu\u2019elle s\u2019est tourn\u00e9e vers le monde artistique.Parall\u00e8lement \u00e0 ses \u00e9tudes au Conservatoire National de Musique et de Danse de Lyon o\u00f9 elle \u00e9tudie actuellement dans la classe d&rsquo;Isabelle Germain et de Fabrice Bou-langer, elle se perfectionne aupr\u00e8s de grands artistes tels que Philippe Jaroussky, Lu-dovic T\u00e9zier, B\u00e9atrice Uria-Monzon, Malcolm Walker, ainsi que dans l\u2019art de la M\u00e9lodie et du Lied aupr\u00e8s de David Selig, Francis Perron, Philippe Cassard, Hartmut H\u00f6ll\u2026On a pu la d\u00e9couvrir l\u2019an dernier dans le r\u00f4le de Blanche (Dialogues des Carm\u00e9lites) au CNSMD de Lyon dans la mise en sc\u00e8ne de Mireille Delunsch, mais aussi en Mi-ca\u00ebla (Carmen) dans une version adapt\u00e9e par David Walter, en soliste du Street Cho-rus ( Mass de Bernstein) au Nouveau Si\u00e8cle de Lille sous la direction d\u2019Alexandre Bloch, en Agata (Il Flaminio de Pergolesi) au TNP de Villeurbanne sous la direction sc\u00e9nique de Christian Schiaretti, ou encore \u00e0 l\u2019Op\u00e9ra de Reims en r\u00e9cital et concert au c\u00f4t\u00e9 de l\u2019Orchestre de l\u2019Op\u00e9ra de Reims, plac\u00e9 sous la direction de Yann Mol\u00e9nat.Cet \u00e9t\u00e9, elle est invit\u00e9e \u00e0 se produire au Festival Les Pianissimes, pour y donner un r\u00e9cital aux c\u00f4t\u00e9s du pianiste Timoth\u00e9e Hudrisier ; ainsi qu\u2019au Festival Offenbach d\u2019Etretat par Mathieu Herzog en partenariat avec l\u2019Acad\u00e9mie Musicale Philippe Ja-roussky.Elle a en outre fait partie de la Promotion Ravel de l\u2019Acad\u00e9mie Musicale Philippe Ja-roussky pour la saison 2019-2020 et a \u00e9t\u00e9 nomm\u00e9e \u201cR\u00e9v\u00e9lation Classique 2019\u201d de l&rsquo;ADAMI.<\/p>\n<p><span  class=\"av_font_icon avia_animate_when_visible avia-icon-animate  av-icon-style-  av-no-color avia-icon-pos-left \" style=\"\"><span class='av-icon-char' style='font-size:40px;line-height:40px;' aria-hidden='true' data-av_icon='\ue805' data-av_iconfont='entypo-fontello' ><\/span><\/span> <a href=\"mailto:amandine.ammirati@gmail.com\">amandine.ammirati@gmail.com<\/a><\/p>\n<\/div><\/section><\/p><\/div>\n<div class=\"flex_column av_one_full  flex_column_div av-zero-column-padding first  avia-builder-el-6  el_after_av_one_half  avia-builder-el-last  column-top-margin\" style='border-radius:0px; '><div  class='avia-button-wrap avia-button-center  avia-builder-el-7  avia-builder-el-no-sibling ' ><a href='https:\/\/parolesetmusique-lyon.org\/?page_id=9677'  class='avia-button   avia-icon_select-yes-left-icon avia-color-theme-color avia-size-small avia-position-center '   ><span class='avia_button_icon avia_button_icon_left ' aria-hidden='true' data-av_icon='\ue830' data-av_iconfont='entypo-fontello'><\/span><span class='avia_iconbox_title' >Retour musiciens 2021-2022<\/span><\/a><\/div><\/div>\n","protected":false},"excerpt":{"rendered":"","protected":false},"author":6,"featured_media":0,"comment_status":"closed","ping_status":"closed","sticky":false,"template":"","format":"standard","meta":{"_coblocks_attr":"","_coblocks_dimensions":"","_coblocks_responsive_height":"","_coblocks_accordion_ie_support":"","_exactmetrics_skip_tracking":false,"_exactmetrics_sitenote_active":false,"_exactmetrics_sitenote_note":"","_exactmetrics_sitenote_category":0,"footnotes":""},"categories":[1],"tags":[],"class_list":["post-9688","post","type-post","status-publish","format-standard","hentry","category-test"],"_links":{"self":[{"href":"https:\/\/parolesetmusique-lyon.org\/index.php?rest_route=\/wp\/v2\/posts\/9688","targetHints":{"allow":["GET"]}}],"collection":[{"href":"https:\/\/parolesetmusique-lyon.org\/index.php?rest_route=\/wp\/v2\/posts"}],"about":[{"href":"https:\/\/parolesetmusique-lyon.org\/index.php?rest_route=\/wp\/v2\/types\/post"}],"author":[{"embeddable":true,"href":"https:\/\/parolesetmusique-lyon.org\/index.php?rest_route=\/wp\/v2\/users\/6"}],"replies":[{"embeddable":true,"href":"https:\/\/parolesetmusique-lyon.org\/index.php?rest_route=%2Fwp%2Fv2%2Fcomments&post=9688"}],"version-history":[{"count":4,"href":"https:\/\/parolesetmusique-lyon.org\/index.php?rest_route=\/wp\/v2\/posts\/9688\/revisions"}],"predecessor-version":[{"id":9710,"href":"https:\/\/parolesetmusique-lyon.org\/index.php?rest_route=\/wp\/v2\/posts\/9688\/revisions\/9710"}],"wp:attachment":[{"href":"https:\/\/parolesetmusique-lyon.org\/index.php?rest_route=%2Fwp%2Fv2%2Fmedia&parent=9688"}],"wp:term":[{"taxonomy":"category","embeddable":true,"href":"https:\/\/parolesetmusique-lyon.org\/index.php?rest_route=%2Fwp%2Fv2%2Fcategories&post=9688"},{"taxonomy":"post_tag","embeddable":true,"href":"https:\/\/parolesetmusique-lyon.org\/index.php?rest_route=%2Fwp%2Fv2%2Ftags&post=9688"}],"curies":[{"name":"wp","href":"https:\/\/api.w.org\/{rel}","templated":true}]}}