{"id":9704,"date":"2021-09-19T17:08:42","date_gmt":"2021-09-19T16:08:42","guid":{"rendered":"https:\/\/parolesetmusique-lyon.org\/?p=9704"},"modified":"2021-09-19T17:15:15","modified_gmt":"2021-09-19T16:15:15","slug":"timothee-hudrisier","status":"publish","type":"post","link":"https:\/\/parolesetmusique-lyon.org\/?p=9704","title":{"rendered":"Timoth\u00e9e HUDRISIER"},"content":{"rendered":"<div class=\"flex_column av_one_half  flex_column_div av-zero-column-padding first  avia-builder-el-0  el_before_av_one_half  avia-builder-el-first  \" style='border-radius:0px; '><div  class='avia-image-container  av-styling-    avia-builder-el-1  avia-builder-el-no-sibling  avia-align-center '  itemprop=\"image\" itemscope=\"itemscope\" itemtype=\"https:\/\/schema.org\/ImageObject\"  ><div class='avia-image-container-inner'><div class='avia-image-overlay-wrap'><img class='avia_image' src='https:\/\/parolesetmusique-lyon.org\/wp-content\/uploads\/2021\/07\/Photo-Timothee-Hudrisier-2-286x300.jpg' alt='' title=''   itemprop=\"thumbnailUrl\"  \/><\/div><\/div><\/div><\/div>\n<div class=\"flex_column av_one_half  flex_column_div av-zero-column-padding   avia-builder-el-2  el_after_av_one_half  el_before_av_one_full  \" style='border-radius:0px; '><p><div  style='padding-bottom:10px; ' class='av-special-heading av-special-heading-h3    avia-builder-el-3  el_before_av_textblock  avia-builder-el-first  '><h3 class='av-special-heading-tag '  itemprop=\"headline\"  >Timoth\u00e9e Hudrisier<\/h3><div class='special-heading-border'><div class='special-heading-inner-border' ><\/div><\/div><\/div><br \/>\n<section class=\"av_textblock_section \"  itemscope=\"itemscope\" itemtype=\"https:\/\/schema.org\/BlogPosting\" itemprop=\"blogPost\" ><div class='avia_textblock  '   itemprop=\"text\" ><p class=\"p1\">Timoth\u00e9e Hudrisier d\u00e9bute la Musique \u00e0 l&rsquo;\u00e2ge de 6 ans au Conservatoire d&rsquo;Albi et d\u00e9couvre le piano, le violon, la danse, le chant choral. Il nourrit une passion grandissante pour le piano au fil de ses ann\u00e9es d\u2019apprentissage.<\/p>\n<p class=\"p1\">A 18 ans, il d\u00e9cide de se consacrer enti\u00e8rement \u00e0 la musique et int\u00e8gre le Conservatoire \u00e0 Rayonnement R\u00e9gional de Toulouse dans les classes de Laurent Molines en piano et Eloise Urbain en accompagnement, discipline qui le passionne et lui permet de multiplier les exp\u00e9riences professionnelles. Apr\u00e8s un an de perfectionnement au conservatoire de Rueil-Malmaison, il int\u00e8gre le Conservatoire National Sup\u00e9rieur de Musique de Lyon dans la classe de David Selig. Il fonde le duo Florestan avec le t\u00e9nor Bastien Rimondi, et avec lequel il se produit r\u00e9guli\u00e8rement en France et est laur\u00e9at de deux concours internationaux. Son activit\u00e9 de pianiste accompagnateur lui permet de travailler avec des musiciens comme Elsa Dreisig, Jeff Cohen, Christian Ivaldi, Fran\u00e7ois Le Roux, Anne Le Bozec, Susanne Manoff, Nicole Corti, Daniel Kawka, J\u00e9r\u00e9my Rohrer&#8230;<\/p>\n<p class=\"p1\">Artiste curieux et \u00e9clectique, il cr\u00e9e la cha\u00eene YouTube \u00ab Les entretiens bleus \u00bb d\u00e9di\u00e9e \u00e0 la musique classique, donne des concerts avec de nombreuses formation de musique de chambre, enseigne le piano et la musique de chambre, accompagne r\u00e9guli\u00e8rement de la danse, du classique au hip-hop, et collabore r\u00e9guli\u00e8rement avec la soprano Amandine Ammirati.<span class=\"Apple-converted-space\">\u00a0<\/span><\/p>\n<p><span  class=\"av_font_icon avia_animate_when_visible avia-icon-animate  av-icon-style-  av-no-color avia-icon-pos-left \" style=\"\"><span class='av-icon-char' style='font-size:40px;line-height:40px;' aria-hidden='true' data-av_icon='\ue805' data-av_iconfont='entypo-fontello' ><\/span><\/span><a href=\"mailto:timothee.hud@wanadoo.fr\" target=\"_blank\" rel=\"noopener\">timothee.hud@wanadoo.fr<\/a><\/p>\n<\/div><\/section><\/p><\/div>\n<div class=\"flex_column av_one_full  flex_column_div av-zero-column-padding first  avia-builder-el-6  el_after_av_one_half  avia-builder-el-last  column-top-margin\" style='border-radius:0px; '><div  class='avia-button-wrap avia-button-center  avia-builder-el-7  avia-builder-el-no-sibling ' ><a href='https:\/\/parolesetmusique-lyon.org\/?page_id=9677'  class='avia-button   avia-icon_select-yes-left-icon avia-color-theme-color avia-size-small avia-position-center '   ><span class='avia_button_icon avia_button_icon_left ' aria-hidden='true' data-av_icon='\ue830' data-av_iconfont='entypo-fontello'><\/span><span class='avia_iconbox_title' >Retour musiciens 2021-2022<\/span><\/a><\/div><\/div>\n","protected":false},"excerpt":{"rendered":"","protected":false},"author":6,"featured_media":0,"comment_status":"closed","ping_status":"closed","sticky":false,"template":"","format":"standard","meta":{"_coblocks_attr":"","_coblocks_dimensions":"","_coblocks_responsive_height":"","_coblocks_accordion_ie_support":"","_exactmetrics_skip_tracking":false,"_exactmetrics_sitenote_active":false,"_exactmetrics_sitenote_note":"","_exactmetrics_sitenote_category":0,"footnotes":""},"categories":[1],"tags":[],"class_list":["post-9704","post","type-post","status-publish","format-standard","hentry","category-test"],"_links":{"self":[{"href":"https:\/\/parolesetmusique-lyon.org\/index.php?rest_route=\/wp\/v2\/posts\/9704","targetHints":{"allow":["GET"]}}],"collection":[{"href":"https:\/\/parolesetmusique-lyon.org\/index.php?rest_route=\/wp\/v2\/posts"}],"about":[{"href":"https:\/\/parolesetmusique-lyon.org\/index.php?rest_route=\/wp\/v2\/types\/post"}],"author":[{"embeddable":true,"href":"https:\/\/parolesetmusique-lyon.org\/index.php?rest_route=\/wp\/v2\/users\/6"}],"replies":[{"embeddable":true,"href":"https:\/\/parolesetmusique-lyon.org\/index.php?rest_route=%2Fwp%2Fv2%2Fcomments&post=9704"}],"version-history":[{"count":3,"href":"https:\/\/parolesetmusique-lyon.org\/index.php?rest_route=\/wp\/v2\/posts\/9704\/revisions"}],"predecessor-version":[{"id":9712,"href":"https:\/\/parolesetmusique-lyon.org\/index.php?rest_route=\/wp\/v2\/posts\/9704\/revisions\/9712"}],"wp:attachment":[{"href":"https:\/\/parolesetmusique-lyon.org\/index.php?rest_route=%2Fwp%2Fv2%2Fmedia&parent=9704"}],"wp:term":[{"taxonomy":"category","embeddable":true,"href":"https:\/\/parolesetmusique-lyon.org\/index.php?rest_route=%2Fwp%2Fv2%2Fcategories&post=9704"},{"taxonomy":"post_tag","embeddable":true,"href":"https:\/\/parolesetmusique-lyon.org\/index.php?rest_route=%2Fwp%2Fv2%2Ftags&post=9704"}],"curies":[{"name":"wp","href":"https:\/\/api.w.org\/{rel}","templated":true}]}}